{"id":10307,"date":"2023-04-30T11:34:16","date_gmt":"2023-04-30T14:34:16","guid":{"rendered":"https:\/\/rioespera.com\/portal\/?p=10307"},"modified":"2024-04-04T21:26:26","modified_gmt":"2024-04-05T00:26:26","slug":"jose-nogueira-coelho","status":"publish","type":"post","link":"https:\/\/rioespera.com\/portal\/jose-nogueira-coelho\/","title":{"rendered":"Jos\u00e9 Nogueira Coelho"},"content":{"rendered":"\n<p>Nascido, possivelmente, em <a href=\"https:\/\/www.santanadosmontes.mg.gov.br\/\" data-type=\"link\" data-id=\"https:\/\/www.santanadosmontes.mg.gov.br\/\" target=\"_blank\" rel=\"noreferrer noopener\">Santana dos Montes<\/a>, Minas Gerais. Pai de <a href=\"https:\/\/rioespera.com\/portal\/francelina-nogueira\/\" data-type=\"post\" data-id=\"3144\" target=\"_blank\" rel=\"noreferrer noopener\">Francelina Nogueira Coelho<\/a>.<\/p>\n\n\n\n<p>Segundo o blog <a href=\"https:\/\/proteuseducacaopatrimonial.blogspot.com\/\" target=\"_blank\" rel=\"noreferrer noopener\">Proteus Educa\u00e7\u00e3o Patrimonial<\/a>, em 1870 ele era o \u00fanico botic\u00e1rio da cidade (Santana dos Montes).<\/p>\n\n\n\n<p>&#8220;&#8230;Em 1870, os representantes da fam\u00edlia Nogueira Coelho&#8230; \u00a0O \u00fanico botic\u00e1rio da cidade era Jos\u00e9 Nogueira Coelho&#8230;&#8221;.<\/p>\n\n\n\n<p><a rel=\"noreferrer noopener\" href=\"http:\/\/proteuseducacaopatrimonial.blogspot.com\/2013\/04\/centrohistorico-de-santana-dos-montes.html\" target=\"_blank\">Fonte<\/a>: Blog Proteus Educa\u00e7\u00e3o Patrimonial<\/p>\n","protected":false},"excerpt":{"rendered":"<p>Nascido, possivelmente, em Santana dos Montes, Minas Gerais. Pai de Francelina Nogueira Coelho. Segundo o blog Proteus Educa\u00e7\u00e3o Patrimonial, em 1870 ele era o \u00fanico<span class=\"read-more-link\"><a class=\"read-more\" href=\"https:\/\/rioespera.com\/portal\/jose-nogueira-coelho\/\">Read More<\/a><\/span><\/p>\n","protected":false},"author":1,"featured_media":10308,"comment_status":"open","ping_status":"open","sticky":false,"template":"","format":"standard","meta":{"ngg_post_thumbnail":0,"footnotes":""},"categories":[4,72,95],"tags":[30,47],"class_list":["post-10307","post","type-post","status-publish","format-standard","has-post-thumbnail","hentry","category-genealogia","category-nogueira","category-nogueira-coelho","tag-genealogia","tag-nogueira"],"_links":{"self":[{"href":"https:\/\/rioespera.com\/portal\/wp-json\/wp\/v2\/posts\/10307","targetHints":{"allow":["GET"]}}],"collection":[{"href":"https:\/\/rioespera.com\/portal\/wp-json\/wp\/v2\/posts"}],"about":[{"href":"https:\/\/rioespera.com\/portal\/wp-json\/wp\/v2\/types\/post"}],"author":[{"embeddable":true,"href":"https:\/\/rioespera.com\/portal\/wp-json\/wp\/v2\/users\/1"}],"replies":[{"embeddable":true,"href":"https:\/\/rioespera.com\/portal\/wp-json\/wp\/v2\/comments?post=10307"}],"version-history":[{"count":12,"href":"https:\/\/rioespera.com\/portal\/wp-json\/wp\/v2\/posts\/10307\/revisions"}],"predecessor-version":[{"id":10907,"href":"https:\/\/rioespera.com\/portal\/wp-json\/wp\/v2\/posts\/10307\/revisions\/10907"}],"wp:featuredmedia":[{"embeddable":true,"href":"https:\/\/rioespera.com\/portal\/wp-json\/wp\/v2\/media\/10308"}],"wp:attachment":[{"href":"https:\/\/rioespera.com\/portal\/wp-json\/wp\/v2\/media?parent=10307"}],"wp:term":[{"taxonomy":"category","embeddable":true,"href":"https:\/\/rioespera.com\/portal\/wp-json\/wp\/v2\/categories?post=10307"},{"taxonomy":"post_tag","embeddable":true,"href":"https:\/\/rioespera.com\/portal\/wp-json\/wp\/v2\/tags?post=10307"}],"curies":[{"name":"wp","href":"https:\/\/api.w.org\/{rel}","templated":true}]}}