{"id":3063,"date":"2018-04-25T22:40:10","date_gmt":"2018-04-25T22:40:10","guid":{"rendered":"http:\/\/rioespera.com\/portal\/?p=3063"},"modified":"2018-04-26T01:16:28","modified_gmt":"2018-04-26T01:16:28","slug":"marcelo-da-fonseca","status":"publish","type":"post","link":"https:\/\/rioespera.com\/portal\/marcelo-da-fonseca\/","title":{"rendered":"Marcelo da Fonseca"},"content":{"rendered":"<p><img loading=\"lazy\" decoding=\"async\" class=\" wp-image-3061 alignleft\" src=\"https:\/\/rioespera.com\/portal\/wp-content\/uploads\/2018\/04\/marcelo.jpg\" alt=\"\" width=\"198\" height=\"288\"><strong>Marcelo da Fonseca<\/strong><\/p>\n<p style=\"text-align: right;\">por (autor desconhecido &#8211; se voc\u00ea for o autor, favor avisar-me)<\/p>\n<p>O hoje engenheiro Marcelo da Fonseca, nascido nos idos de 1980, morou toda sua inf\u00e2ncia na localidade de Cana do Reino, Rio Espera. Filho do Sr. Jos\u00e9 Almada da Fonseca (Z\u00e9 do Soninho) e D. Maria Divina das Gra\u00e7as Fonseca, teve sempre um comprometimento com as causas populares. Desde a adolesc\u00eancia j\u00e1 militava em prol de melhores condi\u00e7\u00f5es para a popula\u00e7\u00e3o, em especial pela juventude.<script async=\"\" src=\"\/\/pagead2.googlesyndication.com\/pagead\/js\/adsbygoogle.js\"><\/script><br \/>\n<!-- entre_texto --><br \/>\n<ins class=\"adsbygoogle\" style=\"display: block;\" data-ad-client=\"ca-pub-8404309934763038\" data-ad-slot=\"5153697218\" data-ad-format=\"auto\"><\/ins><br \/>\n<script>\n(adsbygoogle = window.adsbygoogle || []).push({});\n<\/script><\/p>\n<p>Sempre foi um apaixonado pelos livros, como sua m\u00e3e sempre o define. E essa paix\u00e3o pelos livros levou-o a conhecer uma outra realidade, abrindo seus horizontes para a necessidade de cursar o ensino superior. Ap\u00f3s essa constata\u00e7\u00e3o n\u00e3o mediu esfor\u00e7os, para realizar o que tornou seu sonho, entrar em uma universidade. Mesmo esse sonho parecendo t\u00e3o distante diante das dificuldades que se apresentava. Ter de estudar em escolas publicas e trabalhar simultaneamente, a necessidade de cursar uma Universidade Publica, tornava esse sonho ainda mais distante.<\/p>\n<p>Com muita dedica\u00e7\u00e3o, persist\u00eancia e esfor\u00e7o venceu a primeira, de muitas etapas, foi aprovado no vestibular da Universidade Federal de Ouro Preto &#8211; UFOP para o curso de engenharia civil.<br \/>\n<script async=\"\" src=\"\/\/pagead2.googlesyndication.com\/pagead\/js\/adsbygoogle.js\"><\/script><br \/>\n<!-- entre_texto --><br \/>\n<ins class=\"adsbygoogle\" style=\"display: block;\" data-ad-client=\"ca-pub-8404309934763038\" data-ad-slot=\"5153697218\" data-ad-format=\"auto\"><\/ins><br \/>\n<script>\n(adsbygoogle = window.adsbygoogle || []).push({});\n<\/script><br \/>\nSempre imbu\u00eddo de uma responsabilidade social, ainda mais intensificada agora que era estudante de uma universidade publica. Procurava sempre retribuir \u00e0 sociedade o estudo que lhe era oferecido gratuitamente. Essa preocupa\u00e7\u00e3o de colocar o conhecimento adquirido a servi\u00e7o do povo, levou-o a desenvolver um projeto de coleta seletiva de lixo. Que tinha como objetivo principal melhorar as condi\u00e7\u00f5es de vida dos seus conterr\u00e2neos.<\/p>\n<p>Juntamente com um grupo de amigos, ap\u00f3s a cria\u00e7\u00e3o do projeto de coleta seletiva, passou a estudar os problemas s\u00f3cio-ambientais de Rio Espera. Como resultado desses estudos surgiu uma s\u00e9rie de outros projetos que objetivavam melhorar a realidade local. E afim de melhor estruturar a execu\u00e7\u00e3o desses projetos foi criando a ONG Projeto Recriar. Que se prop\u00f5e a promover o desenvolvimento s\u00f3cio-ambiental da regi\u00e3o de Rio Espera. A ONG conta hoje com a colabora\u00e7\u00e3o de v\u00e1rios assessores ligados a UFOP, que ficaram sensibilizados com os problemas locais.<br \/>\n<script async=\"\" src=\"\/\/pagead2.googlesyndication.com\/pagead\/js\/adsbygoogle.js\"><\/script><br \/>\n<!-- entre_texto --><br \/>\n<ins class=\"adsbygoogle\" style=\"display: block;\" data-ad-client=\"ca-pub-8404309934763038\" data-ad-slot=\"5153697218\" data-ad-format=\"auto\"><\/ins><br \/>\n<script>\n(adsbygoogle = window.adsbygoogle || []).push({});\n<\/script><br \/>\nHoje ele \u00e9 o coordenador dos projetos desenvolvidos pela ONG Projeto Recriar em Rio Espera e faz mestrado em Engenharia Civil na UFOP. (Originalmente publicado aqui no site em 2007)<\/p>\n<p>&nbsp;<\/p>\n<p>&nbsp;<\/p>\n","protected":false},"excerpt":{"rendered":"<p>Marcelo da Fonseca por (autor desconhecido &#8211; se voc\u00ea for o autor, favor avisar-me) O hoje engenheiro Marcelo da Fonseca, nascido nos idos de 1980,<span class=\"read-more-link\"><a class=\"read-more\" href=\"https:\/\/rioespera.com\/portal\/marcelo-da-fonseca\/\">Read More<\/a><\/span><\/p>\n","protected":false},"author":1,"featured_media":2994,"comment_status":"open","ping_status":"open","sticky":false,"template":"","format":"standard","meta":{"ngg_post_thumbnail":0,"footnotes":""},"categories":[10,29],"tags":[],"class_list":["post-3063","post","type-post","status-publish","format-standard","has-post-thumbnail","hentry","category-comunidade","category-rio-esperense"],"_links":{"self":[{"href":"https:\/\/rioespera.com\/portal\/wp-json\/wp\/v2\/posts\/3063","targetHints":{"allow":["GET"]}}],"collection":[{"href":"https:\/\/rioespera.com\/portal\/wp-json\/wp\/v2\/posts"}],"about":[{"href":"https:\/\/rioespera.com\/portal\/wp-json\/wp\/v2\/types\/post"}],"author":[{"embeddable":true,"href":"https:\/\/rioespera.com\/portal\/wp-json\/wp\/v2\/users\/1"}],"replies":[{"embeddable":true,"href":"https:\/\/rioespera.com\/portal\/wp-json\/wp\/v2\/comments?post=3063"}],"version-history":[{"count":1,"href":"https:\/\/rioespera.com\/portal\/wp-json\/wp\/v2\/posts\/3063\/revisions"}],"predecessor-version":[{"id":3064,"href":"https:\/\/rioespera.com\/portal\/wp-json\/wp\/v2\/posts\/3063\/revisions\/3064"}],"wp:featuredmedia":[{"embeddable":true,"href":"https:\/\/rioespera.com\/portal\/wp-json\/wp\/v2\/media\/2994"}],"wp:attachment":[{"href":"https:\/\/rioespera.com\/portal\/wp-json\/wp\/v2\/media?parent=3063"}],"wp:term":[{"taxonomy":"category","embeddable":true,"href":"https:\/\/rioespera.com\/portal\/wp-json\/wp\/v2\/categories?post=3063"},{"taxonomy":"post_tag","embeddable":true,"href":"https:\/\/rioespera.com\/portal\/wp-json\/wp\/v2\/tags?post=3063"}],"curies":[{"name":"wp","href":"https:\/\/api.w.org\/{rel}","templated":true}]}}