{"id":3069,"date":"2018-04-28T08:00:46","date_gmt":"2018-04-28T08:00:46","guid":{"rendered":"http:\/\/rioespera.com\/portal\/?p=3069"},"modified":"2018-04-25T22:49:13","modified_gmt":"2018-04-25T22:49:13","slug":"jose-francisco-da-silva-concesso","status":"publish","type":"post","link":"https:\/\/rioespera.com\/portal\/jose-francisco-da-silva-concesso\/","title":{"rendered":"Jos\u00e9 Francisco da Silva Concesso"},"content":{"rendered":"<p><img loading=\"lazy\" decoding=\"async\" class=\" wp-image-3000 alignleft\" src=\"https:\/\/rioespera.com\/portal\/wp-content\/uploads\/2018\/04\/jose-con-1.jpg\" alt=\"\" width=\"279\" height=\"360\"><strong>Jos\u00e9 Francisco da Silva Concesso<\/strong><\/p>\n<p>Jos\u00e9 Francisco da Silva Concesso nasceu em Rio Espera no ano de 1936. Filho de Antonio Sim\u00e3o da Silva e Maria Eduarda Silva. Aos nove anos de idade deixou a comunidade da Lage onde nascera e foi morar com o farmac\u00eautico Jos\u00e9 Colombo Rivelli para poder estudar. Cursou o prim\u00e1rio no Grupo Escolar Major Miranda. Foram suas professoras: Maninha Salim e Maria Glic\u00e9ria Salim, Marisica e An\u00edsia.<\/p>\n<p>Em fevereiro de 1950, entrou no semin\u00e1rio dos Orionitas de Burnier onde fez o Gin\u00e1sio. Em 1954, fez noviciado em Belo Horizonte. Estudou filosofia no semin\u00e1rio arquidiocesano do Rio de Janeiro. Em julho de 1961 foi para It\u00e1lia, onde foi ordenado sacerdote em 10 de abril de 1965. Ao retornar ao Brasil em 1965, permaneceu no Rio para um curso de especializa\u00e7\u00e3o antes de ir para Aragua\u00edna, no Estado de Goi\u00e1s. De l\u00e1 foi mandado para fundar o Instituto S\u00e3o Marcos em Valen\u00e7a. <script async=\"\" src=\"\/\/pagead2.googlesyndication.com\/pagead\/js\/adsbygoogle.js\"><\/script><br \/>\n<!-- entre_texto --><br \/>\n<ins class=\"adsbygoogle\" style=\"display: block;\" data-ad-client=\"ca-pub-8404309934763038\" data-ad-slot=\"5153697218\" data-ad-format=\"auto\"><\/ins><br \/>\n<script>\n(adsbygoogle = window.adsbygoogle || []).push({});\n<\/script>De Valen\u00e7a foi para Lagoa Santa, onde exerceu o cargo de Capel\u00e3o da Aeron\u00e1utica, foi diretor da escola regimental de aprendizes at\u00e9 1977. Fundou a par\u00f3quia de Santa Edwiges e neste per\u00edodo cursou direito na Pontif\u00edcia Universidade Cat\u00f3lica de Minas Gerais. Depois de dezoito anos de exerc\u00edcio do Minist\u00e9rio Sacerdotal licenciou-se do minist\u00e9rio tendo se casado posteriormente e hoje tem um filho que estuda direito.<\/p>\n<p>A convite do ent\u00e3o governador de Goi\u00e1s, \u00cdris Rezende, em 1985 foi convidado para ser o primeiro diretor da primeira unidade de Ensino Superior do Norte do Estado, hoje Tocantins, onde lecionou ate o ano de 2003, quando se aposentou. Atualmente \u00e9 vice-diretor da Faculdade Cat\u00f3lica Dom Orione, em Aragua\u00edna, onde reside com sua fam\u00edlia.<script async=\"\" src=\"\/\/pagead2.googlesyndication.com\/pagead\/js\/adsbygoogle.js\"><\/script><br \/>\n<!-- entre_texto --><br \/>\n<ins class=\"adsbygoogle\" style=\"display: block;\" data-ad-client=\"ca-pub-8404309934763038\" data-ad-slot=\"5153697218\" data-ad-format=\"auto\"><\/ins><br \/>\n<script>\n(adsbygoogle = window.adsbygoogle || []).push({});\n<\/script><\/p>\n<p>O professor Jos\u00e9 Francisco \u00e9 membro da Academia Tocantinense de Letras, da Academia Cordiburguense de letras e da Academia Imperatrinense e Academia Mirim de Aragua\u00edna. \u00c9 Autor dos seguintes livros: Latim &#8211; primeiros passos, Data V\u00eania, An\u00e1lise Sint\u00e1tica para estudantes de Latim e Meu Primeiro Picol\u00e9.<br \/>\nEste \u00faltimo foi lan\u00e7ado em Rio Espera durante a festa do Rio-esperense Ausente de 2004. Na \u00e9poca aconteceu uma homenagem por parte da comunidade, que contou com a presen\u00e7a da primeira professora de Jos\u00e9, Maninha Salim e os irm\u00e3os Jos\u00e9 Rivelli e Maria da Concei\u00e7\u00e3o Rivelli a quem Jos\u00e9 dedicou o seu livro.<\/p>\n","protected":false},"excerpt":{"rendered":"<p>Jos\u00e9 Francisco da Silva Concesso Jos\u00e9 Francisco da Silva Concesso nasceu em Rio Espera no ano de 1936. Filho de Antonio Sim\u00e3o da Silva e<span class=\"read-more-link\"><a class=\"read-more\" href=\"https:\/\/rioespera.com\/portal\/jose-francisco-da-silva-concesso\/\">Read More<\/a><\/span><\/p>\n","protected":false},"author":1,"featured_media":3000,"comment_status":"open","ping_status":"open","sticky":false,"template":"","format":"standard","meta":{"ngg_post_thumbnail":0,"footnotes":""},"categories":[10,29],"tags":[],"class_list":["post-3069","post","type-post","status-publish","format-standard","has-post-thumbnail","hentry","category-comunidade","category-rio-esperense"],"_links":{"self":[{"href":"https:\/\/rioespera.com\/portal\/wp-json\/wp\/v2\/posts\/3069","targetHints":{"allow":["GET"]}}],"collection":[{"href":"https:\/\/rioespera.com\/portal\/wp-json\/wp\/v2\/posts"}],"about":[{"href":"https:\/\/rioespera.com\/portal\/wp-json\/wp\/v2\/types\/post"}],"author":[{"embeddable":true,"href":"https:\/\/rioespera.com\/portal\/wp-json\/wp\/v2\/users\/1"}],"replies":[{"embeddable":true,"href":"https:\/\/rioespera.com\/portal\/wp-json\/wp\/v2\/comments?post=3069"}],"version-history":[{"count":3,"href":"https:\/\/rioespera.com\/portal\/wp-json\/wp\/v2\/posts\/3069\/revisions"}],"predecessor-version":[{"id":3072,"href":"https:\/\/rioespera.com\/portal\/wp-json\/wp\/v2\/posts\/3069\/revisions\/3072"}],"wp:featuredmedia":[{"embeddable":true,"href":"https:\/\/rioespera.com\/portal\/wp-json\/wp\/v2\/media\/3000"}],"wp:attachment":[{"href":"https:\/\/rioespera.com\/portal\/wp-json\/wp\/v2\/media?parent=3069"}],"wp:term":[{"taxonomy":"category","embeddable":true,"href":"https:\/\/rioespera.com\/portal\/wp-json\/wp\/v2\/categories?post=3069"},{"taxonomy":"post_tag","embeddable":true,"href":"https:\/\/rioespera.com\/portal\/wp-json\/wp\/v2\/tags?post=3069"}],"curies":[{"name":"wp","href":"https:\/\/api.w.org\/{rel}","templated":true}]}}