{"id":3144,"date":"2018-05-30T00:38:51","date_gmt":"2018-05-30T00:38:51","guid":{"rendered":"http:\/\/rioespera.com\/portal\/?p=3144"},"modified":"2024-04-10T13:21:10","modified_gmt":"2024-04-10T16:21:10","slug":"francelina-nogueira","status":"publish","type":"post","link":"https:\/\/rioespera.com\/portal\/francelina-nogueira\/","title":{"rendered":"Francellina Nogueira Coelho"},"content":{"rendered":"\n<p><strong>Francellina Nogueira Coelho<\/strong><\/p>\n\n\n\n<p>Filha de <a href=\"https:\/\/rioespera.com\/portal\/jose-nogueira-coelho\/\" data-type=\"post\" data-id=\"10307\" target=\"_blank\" rel=\"noreferrer noopener\">Jos\u00e9 Nogueira Coelho<\/a> e <a href=\"https:\/\/www.geneaminas.com.br\/genealogia-mineira\/restrita\/enlace.asp?codenlace=1413138\">Ant\u00f4nia Severina de Siqueira<\/a>.<\/p>\n\n\n\n<p>Foi batizada em 14 de agosto de 1834 em Itaverava.&nbsp;<\/p>\n\n\n\n<figure class=\"wp-block-image is-style-default\"><img loading=\"lazy\" decoding=\"async\" width=\"1123\" height=\"390\" src=\"https:\/\/rioespera.com\/portal\/wp-content\/uploads\/2018\/05\/batizado-Francelina-Filha-de-Jose-Nogueira-Coelho.jpg\" alt=\"Registro de batismo de Francellina Nogueira. 1834 \" class=\"wp-image-3146\"\/><\/figure>\n\n\n\n<p>Transcri\u00e7\u00e3o do documento acima:<\/p>\n\n\n\n<p id=\"Francellina\"><em><sub>Aos quatorze de Agosto de mil oito centos e trinta e quatro annos, na hermida do Piranguinha, desta freguesia da Itaverava da crian\u00e7a nascida o <a href=\"https:\/\/www.geneaminas.com.br\/genealogia-mineira\/restrita\/enlace.asp?codenlace=1422357\" target=\"_blank\" rel=\"noreferrer noopener\">Padre Jo\u00e3o Francisco de Albuquerque<\/a> batizou e pos os santos olhos \u00e0 Francellina, p\u00e1rvula, filha leg\u00edtima de <a href=\"https:\/\/rioespera.com\/portal\/jose-nogueira-coelho\/\" data-type=\"post\" data-id=\"10307\" target=\"_blank\" rel=\"noreferrer noopener\">Jos\u00e9 Nogueira Coelho<\/a> e de Ant\u00f4nia Severina de Siqueira: Foram padrinhos, o mesmo batizante e Maria Prosa de Deus, de que fa\u00e7o este assento. O Vig\u00e1rio Francisco Perreira.<\/sub><\/em><\/p>\n","protected":false},"excerpt":{"rendered":"<p>Francellina Nogueira Coelho Filha de Jos\u00e9 Nogueira Coelho e Ant\u00f4nia Severina de Siqueira. Foi batizada em 14 de agosto de 1834 em Itaverava.&nbsp; Transcri\u00e7\u00e3o do<span class=\"read-more-link\"><a class=\"read-more\" href=\"https:\/\/rioespera.com\/portal\/francelina-nogueira\/\">Read More<\/a><\/span><\/p>\n","protected":false},"author":1,"featured_media":3219,"comment_status":"open","ping_status":"open","sticky":false,"template":"","format":"standard","meta":{"ngg_post_thumbnail":0,"footnotes":""},"categories":[172,4,72,95],"tags":[],"class_list":["post-3144","post","type-post","status-publish","format-standard","has-post-thumbnail","hentry","category-172","category-genealogia","category-nogueira","category-nogueira-coelho"],"_links":{"self":[{"href":"https:\/\/rioespera.com\/portal\/wp-json\/wp\/v2\/posts\/3144","targetHints":{"allow":["GET"]}}],"collection":[{"href":"https:\/\/rioespera.com\/portal\/wp-json\/wp\/v2\/posts"}],"about":[{"href":"https:\/\/rioespera.com\/portal\/wp-json\/wp\/v2\/types\/post"}],"author":[{"embeddable":true,"href":"https:\/\/rioespera.com\/portal\/wp-json\/wp\/v2\/users\/1"}],"replies":[{"embeddable":true,"href":"https:\/\/rioespera.com\/portal\/wp-json\/wp\/v2\/comments?post=3144"}],"version-history":[{"count":19,"href":"https:\/\/rioespera.com\/portal\/wp-json\/wp\/v2\/posts\/3144\/revisions"}],"predecessor-version":[{"id":11025,"href":"https:\/\/rioespera.com\/portal\/wp-json\/wp\/v2\/posts\/3144\/revisions\/11025"}],"wp:featuredmedia":[{"embeddable":true,"href":"https:\/\/rioespera.com\/portal\/wp-json\/wp\/v2\/media\/3219"}],"wp:attachment":[{"href":"https:\/\/rioespera.com\/portal\/wp-json\/wp\/v2\/media?parent=3144"}],"wp:term":[{"taxonomy":"category","embeddable":true,"href":"https:\/\/rioespera.com\/portal\/wp-json\/wp\/v2\/categories?post=3144"},{"taxonomy":"post_tag","embeddable":true,"href":"https:\/\/rioespera.com\/portal\/wp-json\/wp\/v2\/tags?post=3144"}],"curies":[{"name":"wp","href":"https:\/\/api.w.org\/{rel}","templated":true}]}}