{"id":3149,"date":"2018-05-30T23:00:47","date_gmt":"2018-05-30T23:00:47","guid":{"rendered":"http:\/\/rioespera.com\/portal\/?p=3149"},"modified":"2024-04-05T15:37:48","modified_gmt":"2024-04-05T18:37:48","slug":"dona-maria-secunda-de-miranda","status":"publish","type":"post","link":"https:\/\/rioespera.com\/portal\/dona-maria-secunda-de-miranda\/","title":{"rendered":"Maria Segunda de Miranda"},"content":{"rendered":"<p><strong>Dona <a href=\"https:\/\/rioespera.com\/portal\/2018\/06\/01\/maria-segunda-mae-segunda\/\">Maria Segunda (Secunda) (Augusta) de Miranda<\/a>. Ou m\u00e3e Segunda como era chamada por sua neta, <a href=\"https:\/\/rioespera.com\/portal\/2018\/06\/01\/conceicao-nogueira-de-oliveira\/\">Concei\u00e7\u00e3o Nogueira de Oliveira<\/a>.&nbsp; &#8211; <a href=\"https:\/\/rioespera.com\/portal\/sobrenome-de-mulheres\/\">ver nota acerca dos sobrenomes de mulheres<\/a>.&nbsp;<\/strong><\/p>\n<p>Filha de <a href=\"https:\/\/rioespera.com\/portal\/2018\/05\/30\/jose-rodrigues-de-miranda\/\">Jos\u00e9 Rodrigues de Miranda. <\/a>&nbsp;Irm\u00e3 de <a href=\"https:\/\/rioespera.com\/portal\/2018\/05\/30\/jose-rodrigues-de-miranda-junior\/\">Jos\u00e9 Rodrigues de Miranda Junior<\/a>. Bisav\u00f3 de <a href=\"https:\/\/ronaldondeoliveira.blogspot.com\/\" target=\"_blank\" rel=\"noopener noreferrer\">Ronaldo Nogueira de Oliveira<\/a>.<\/p>\n<p><a href=\"https:\/\/rioespera.com\/portal\/maria-segunda-mae-segunda\/\">Ver Registro de \u00d3bto<\/a>:<\/p>\n\n\n<figure class=\"wp-block-image size-large is-style-rounded\"><img loading=\"lazy\" decoding=\"async\" width=\"789\" height=\"529\" src=\"https:\/\/rioespera.com\/portal\/wp-content\/uploads\/2020\/08\/image-42.png\" alt=\"\" class=\"wp-image-3879\"\/><figcaption class=\"wp-element-caption\">M\u00e3e Segunda e irm\u00e3os. Circa 1909<\/figcaption><\/figure>\n\n\n\n<p><\/p>\n","protected":false},"excerpt":{"rendered":"<p>Dona Maria Segunda (Secunda) (Augusta) de Miranda. Ou m\u00e3e Segunda como era chamada por sua neta, Concei\u00e7\u00e3o Nogueira de Oliveira.&nbsp; &#8211; ver nota acerca dos<span class=\"read-more-link\"><a class=\"read-more\" href=\"https:\/\/rioespera.com\/portal\/dona-maria-secunda-de-miranda\/\">Read More<\/a><\/span><\/p>\n","protected":false},"author":1,"featured_media":0,"comment_status":"open","ping_status":"open","sticky":false,"template":"","format":"standard","meta":{"ngg_post_thumbnail":0,"footnotes":""},"categories":[4,94,68],"tags":[],"class_list":["post-3149","post","type-post","status-publish","format-standard","hentry","category-genealogia","category-miranda","category-rodrigues-de-miranda"],"_links":{"self":[{"href":"https:\/\/rioespera.com\/portal\/wp-json\/wp\/v2\/posts\/3149","targetHints":{"allow":["GET"]}}],"collection":[{"href":"https:\/\/rioespera.com\/portal\/wp-json\/wp\/v2\/posts"}],"about":[{"href":"https:\/\/rioespera.com\/portal\/wp-json\/wp\/v2\/types\/post"}],"author":[{"embeddable":true,"href":"https:\/\/rioespera.com\/portal\/wp-json\/wp\/v2\/users\/1"}],"replies":[{"embeddable":true,"href":"https:\/\/rioespera.com\/portal\/wp-json\/wp\/v2\/comments?post=3149"}],"version-history":[{"count":11,"href":"https:\/\/rioespera.com\/portal\/wp-json\/wp\/v2\/posts\/3149\/revisions"}],"predecessor-version":[{"id":10973,"href":"https:\/\/rioespera.com\/portal\/wp-json\/wp\/v2\/posts\/3149\/revisions\/10973"}],"wp:attachment":[{"href":"https:\/\/rioespera.com\/portal\/wp-json\/wp\/v2\/media?parent=3149"}],"wp:term":[{"taxonomy":"category","embeddable":true,"href":"https:\/\/rioespera.com\/portal\/wp-json\/wp\/v2\/categories?post=3149"},{"taxonomy":"post_tag","embeddable":true,"href":"https:\/\/rioespera.com\/portal\/wp-json\/wp\/v2\/tags?post=3149"}],"curies":[{"name":"wp","href":"https:\/\/api.w.org\/{rel}","templated":true}]}}