{"id":3636,"date":"2020-07-05T22:00:42","date_gmt":"2020-07-05T22:00:42","guid":{"rendered":"http:\/\/rioespera.com\/portal\/?p=3636"},"modified":"2020-07-05T22:00:42","modified_gmt":"2020-07-05T22:00:42","slug":"matrimonio-junho-outubro-1852","status":"publish","type":"post","link":"https:\/\/rioespera.com\/portal\/matrimonio-junho-outubro-1852\/","title":{"rendered":"Matrim\u00f4nio: junho &#8211; outubro 1852"},"content":{"rendered":"\n<figure class=\"wp-block-image size-large\"><img loading=\"lazy\" decoding=\"async\" width=\"474\" height=\"262\" src=\"https:\/\/rioespera.com\/portal\/wp-content\/uploads\/2020\/07\/image.png\" alt=\"\" class=\"wp-image-3637\"\/><figcaption><a href=\"http:\/\/www.rioespera.com\/acervo\/casamento\/dsc04354.jpg\">http:\/\/www.rioespera.com\/acervo\/casamento\/dsc04354.jpg<\/a><\/figcaption><\/figure>\n\n\n\n<p><a rel=\"noreferrer noopener\" href=\"http:\/\/www.rioespera.com\/acervo\/casamento\/dsc04354.jpg\" target=\"_blank\">junho &#8211; outubro 1852<\/a><\/p>\n\n\n\n<p>Jo\u00e3o e Felicia,<br>Francisco Jos\u00e9 da Silva e Rita Maria da Conce\u00e7\u00e3o,<br>Jos\u00e9 Francisco e Maria do Carmo,<br>Jos\u00e9 Pereira do Valle e Maria Thereza de Jezus,<br>Antonio Pereira Sabino e Umbelina Roza de Jezus,<br>Joaquim Pereira Maciel e Anna Roza de Jezus<\/p>\n","protected":false},"excerpt":{"rendered":"<p>junho &#8211; outubro 1852 Jo\u00e3o e Felicia,Francisco Jos\u00e9 da Silva e Rita Maria da Conce\u00e7\u00e3o,Jos\u00e9 Francisco e Maria do Carmo,Jos\u00e9 Pereira do Valle e Maria<span class=\"read-more-link\"><a class=\"read-more\" href=\"https:\/\/rioespera.com\/portal\/matrimonio-junho-outubro-1852\/\">Read More<\/a><\/span><\/p>\n","protected":false},"author":1,"featured_media":3637,"comment_status":"open","ping_status":"open","sticky":false,"template":"","format":"standard","meta":{"ngg_post_thumbnail":0,"footnotes":""},"categories":[4],"tags":[30],"class_list":["post-3636","post","type-post","status-publish","format-standard","has-post-thumbnail","hentry","category-genealogia","tag-genealogia"],"_links":{"self":[{"href":"https:\/\/rioespera.com\/portal\/wp-json\/wp\/v2\/posts\/3636","targetHints":{"allow":["GET"]}}],"collection":[{"href":"https:\/\/rioespera.com\/portal\/wp-json\/wp\/v2\/posts"}],"about":[{"href":"https:\/\/rioespera.com\/portal\/wp-json\/wp\/v2\/types\/post"}],"author":[{"embeddable":true,"href":"https:\/\/rioespera.com\/portal\/wp-json\/wp\/v2\/users\/1"}],"replies":[{"embeddable":true,"href":"https:\/\/rioespera.com\/portal\/wp-json\/wp\/v2\/comments?post=3636"}],"version-history":[{"count":1,"href":"https:\/\/rioespera.com\/portal\/wp-json\/wp\/v2\/posts\/3636\/revisions"}],"predecessor-version":[{"id":3638,"href":"https:\/\/rioespera.com\/portal\/wp-json\/wp\/v2\/posts\/3636\/revisions\/3638"}],"wp:featuredmedia":[{"embeddable":true,"href":"https:\/\/rioespera.com\/portal\/wp-json\/wp\/v2\/media\/3637"}],"wp:attachment":[{"href":"https:\/\/rioespera.com\/portal\/wp-json\/wp\/v2\/media?parent=3636"}],"wp:term":[{"taxonomy":"category","embeddable":true,"href":"https:\/\/rioespera.com\/portal\/wp-json\/wp\/v2\/categories?post=3636"},{"taxonomy":"post_tag","embeddable":true,"href":"https:\/\/rioespera.com\/portal\/wp-json\/wp\/v2\/tags?post=3636"}],"curies":[{"name":"wp","href":"https:\/\/api.w.org\/{rel}","templated":true}]}}