{"id":3814,"date":"2020-08-11T23:33:15","date_gmt":"2020-08-12T02:33:15","guid":{"rendered":"http:\/\/rioespera.com\/portal\/?p=3814"},"modified":"2020-08-15T22:21:03","modified_gmt":"2020-08-16T01:21:03","slug":"noticias-de-rio-espera","status":"publish","type":"post","link":"https:\/\/rioespera.com\/portal\/noticias-de-rio-espera\/","title":{"rendered":"Not\u00edcias de Rio Espera"},"content":{"rendered":"\n<p><div id=\"fb-root\"><\/div><script async=\"1\" defer=\"1\" crossorigin=\"anonymous\" src=\"https:\/\/connect.facebook.net\/en_US\/sdk.js#xfbml=1&amp;version=v8.0\" nonce=\"bIub6grb\"><\/script><div class=\"fb-video\" data-href=\"https:\/\/www.facebook.com\/100002914947462\/videos\/2949867731787029\/\" data-width=\"1160\"><blockquote cite=\"https:\/\/www.facebook.com\/rio.espera.35\/videos\/2949867731787029\/\" class=\"fb-xfbml-parse-ignore\"><a href=\"https:\/\/www.facebook.com\/rio.espera.35\/videos\/2949867731787029\/\"><\/a><p>Rio Espera e suas hist\u00f3rias. Orgulho de sermos parte dela! Uma produ\u00e7\u00e3o da MRS Log\u00edstica em parceria com o Minist\u00e9rio P\u00fablico de Minas Gerais .  #rioespera #TurismoMG #VillaseFazendas #valedopiranga #MRS #MPMG<\/p>Posted by <a href=\"https:\/\/www.facebook.com\/rio.espera.35\">Rio Espera Fabr\u00edcio Miranda<\/a> on Thursday, March 12, 2020<\/blockquote><\/div><\/p>\n\n\n\n<p><a href=\"https:\/\/www.facebook.com\/100002914947462\/videos\/2949867731787029\/\">Rio Espera e suas hist\u00f3rias.<\/a><\/p>\n\n\n\n<p><a href=\"http:\/\/noticiasderioespera.blogspot.com\/\">http:\/\/noticiasderioespera.blogspot.com\/<\/a><\/p>\n\n\n\n<p><\/p>\n\n\n\n<p><a href=\"http:\/\/foconanoticia.com.br\/rio-espera\">http:\/\/foconanoticia.com.br\/rio-espera<\/a><\/p>\n\n\n\n<p><\/p>\n\n\n\n<p><a href=\"http:\/\/www.fatoreal.com.br\/portal\/tag\/rio-espera\">http:\/\/www.fatoreal.com.br\/portal\/tag\/rio-espera<\/a><\/p>\n\n\n\n<p>.<\/p>\n","protected":false},"excerpt":{"rendered":"<p>Rio Espera e suas hist\u00f3rias. Orgulho de sermos parte dela! Uma produ\u00e7\u00e3o da MRS Log\u00edstica em parceria com o Minist\u00e9rio P\u00fablico de Minas Gerais .<span class=\"read-more-link\"><a class=\"read-more\" href=\"https:\/\/rioespera.com\/portal\/noticias-de-rio-espera\/\">Read More<\/a><\/span><\/p>\n","protected":false},"author":1,"featured_media":0,"comment_status":"open","ping_status":"open","sticky":false,"template":"","format":"standard","meta":{"ngg_post_thumbnail":0,"footnotes":""},"categories":[18,17],"tags":[],"class_list":["post-3814","post","type-post","status-publish","format-standard","hentry","category-informativo","category-noticias"],"_links":{"self":[{"href":"https:\/\/rioespera.com\/portal\/wp-json\/wp\/v2\/posts\/3814","targetHints":{"allow":["GET"]}}],"collection":[{"href":"https:\/\/rioespera.com\/portal\/wp-json\/wp\/v2\/posts"}],"about":[{"href":"https:\/\/rioespera.com\/portal\/wp-json\/wp\/v2\/types\/post"}],"author":[{"embeddable":true,"href":"https:\/\/rioespera.com\/portal\/wp-json\/wp\/v2\/users\/1"}],"replies":[{"embeddable":true,"href":"https:\/\/rioespera.com\/portal\/wp-json\/wp\/v2\/comments?post=3814"}],"version-history":[{"count":2,"href":"https:\/\/rioespera.com\/portal\/wp-json\/wp\/v2\/posts\/3814\/revisions"}],"predecessor-version":[{"id":3839,"href":"https:\/\/rioespera.com\/portal\/wp-json\/wp\/v2\/posts\/3814\/revisions\/3839"}],"wp:attachment":[{"href":"https:\/\/rioespera.com\/portal\/wp-json\/wp\/v2\/media?parent=3814"}],"wp:term":[{"taxonomy":"category","embeddable":true,"href":"https:\/\/rioespera.com\/portal\/wp-json\/wp\/v2\/categories?post=3814"},{"taxonomy":"post_tag","embeddable":true,"href":"https:\/\/rioespera.com\/portal\/wp-json\/wp\/v2\/tags?post=3814"}],"curies":[{"name":"wp","href":"https:\/\/api.w.org\/{rel}","templated":true}]}}